
{"id":139,"date":"2025-03-01T09:29:24","date_gmt":"2025-03-01T09:29:24","guid":{"rendered":"http:\/\/www.vanderheyden.be\/wordpress\/?p=139"},"modified":"2025-03-02T08:18:58","modified_gmt":"2025-03-02T08:18:58","slug":"option-email-de-post-lu","status":"publish","type":"post","link":"https:\/\/www.vanderheyden.be\/wordpress\/index.php\/2025\/03\/01\/option-email-de-post-lu\/","title":{"rendered":"Option EMAIL de Post.lu"},"content":{"rendered":"\n<p>Jusqu&rsquo;en septembre 2024, la connexion ADSL dans mon quartier \u00e9tait limit\u00e9e \u00e0 30 Mbit en download et 1.5 Mbit en upload &#8230;<\/p>\n\n\n\n<p>Cette vitesse est exceptionnelle quand on compare avec un modem 56 kbit &#8230; mais ne permet pas de faire du t\u00e9l\u00e9travail en p\u00e9riode COVID et post COVID.<\/p>\n\n\n\n<p>Seul Eltrona  proposait une meilleure connection 256 Mbit jusqu&rsquo;\u00e0 1Gbit en cable COAXIAL. Service auquel j&rsquo;ai souscrit avec la difficult\u00e9 au niveau technique de g\u00e9rer un double fournisseur.<\/p>\n\n\n\n<p>Il m&rsquo;a fallu plus de sept ans pour d\u00e9couvrir l&rsquo;option &laquo;&nbsp;EMAIL uniquement de Post.lu&nbsp;&raquo; \u00e0 2 EUR par mois \u2026 <\/p>\n\n\n\n<p>Conclusion:<\/p>\n\n\n\n<ul><li>je suis rest\u00e9 captif de Post.lu \u00e0 cause de mon adresse email pt.lu trop longtemps.<\/li><li>l&rsquo;option &laquo;&nbsp;EMAIL uniquement&nbsp;&raquo; devrait \u00eatre obligatoire pour tous les fournisseur TELECOM, cela favoriserait la concurrence.<\/li><li>maintenant que la fibre est install\u00e9e dans le quartier, j&rsquo;aurais pu rester client de Post et b\u00e9n\u00e9ficier de leur qualit\u00e9 de service &laquo;&nbsp;end to end&nbsp;&raquo;, le seul petit probl\u00e8me est que le c\u00e2blage n&rsquo;est pas offert chez Post et il fallait prevoir un budget cons\u00e9quent pour amener la Fibre du garage ou le point d&rsquo;acc\u00e8s est positionn\u00e9 vers la dorsale informatique de la maison.<\/li><li>Aujourd&rsquo;hui, j&rsquo;utilise le r\u00e9seau Fibre de Post, mais pas le service end user de Post.<\/li><\/ul>\n\n\n\n<p><\/p>\n","protected":false},"excerpt":{"rendered":"<p>Jusqu&rsquo;en septembre 2024, la connexion ADSL dans mon quartier \u00e9tait limit\u00e9e \u00e0 30 Mbit en download et 1.5 Mbit en upload &#8230; Cette vitesse est exceptionnelle quand on compare avec un modem 56 kbit &#8230; mais ne permet pas de faire du t\u00e9l\u00e9travail en p\u00e9riode COVID et post COVID. Seul Eltrona proposait une meilleure connection<a class=\"more-link\" href=\"https:\/\/www.vanderheyden.be\/wordpress\/index.php\/2025\/03\/01\/option-email-de-post-lu\/\">Read more<\/a><\/p>\n","protected":false},"author":1,"featured_media":0,"comment_status":"open","ping_status":"open","sticky":false,"template":"","format":"standard","meta":[],"categories":[4],"tags":[],"_links":{"self":[{"href":"https:\/\/www.vanderheyden.be\/wordpress\/index.php\/wp-json\/wp\/v2\/posts\/139"}],"collection":[{"href":"https:\/\/www.vanderheyden.be\/wordpress\/index.php\/wp-json\/wp\/v2\/posts"}],"about":[{"href":"https:\/\/www.vanderheyden.be\/wordpress\/index.php\/wp-json\/wp\/v2\/types\/post"}],"author":[{"embeddable":true,"href":"https:\/\/www.vanderheyden.be\/wordpress\/index.php\/wp-json\/wp\/v2\/users\/1"}],"replies":[{"embeddable":true,"href":"https:\/\/www.vanderheyden.be\/wordpress\/index.php\/wp-json\/wp\/v2\/comments?post=139"}],"version-history":[{"count":7,"href":"https:\/\/www.vanderheyden.be\/wordpress\/index.php\/wp-json\/wp\/v2\/posts\/139\/revisions"}],"predecessor-version":[{"id":168,"href":"https:\/\/www.vanderheyden.be\/wordpress\/index.php\/wp-json\/wp\/v2\/posts\/139\/revisions\/168"}],"wp:attachment":[{"href":"https:\/\/www.vanderheyden.be\/wordpress\/index.php\/wp-json\/wp\/v2\/media?parent=139"}],"wp:term":[{"taxonomy":"category","embeddable":true,"href":"https:\/\/www.vanderheyden.be\/wordpress\/index.php\/wp-json\/wp\/v2\/categories?post=139"},{"taxonomy":"post_tag","embeddable":true,"href":"https:\/\/www.vanderheyden.be\/wordpress\/index.php\/wp-json\/wp\/v2\/tags?post=139"}],"curies":[{"name":"wp","href":"https:\/\/api.w.org\/{rel}","templated":true}]}}